{"id":4518,"date":"2021-12-16T14:43:28","date_gmt":"2021-12-16T13:43:28","guid":{"rendered":"https:\/\/candela-ptb.de\/?p=4518"},"modified":"2023-08-02T11:47:12","modified_gmt":"2023-08-02T09:47:12","slug":"abschied-eine-dekade-mit-serbien","status":"publish","type":"post","link":"https:\/\/candela-ptb.de\/de\/abschied-eine-dekade-mit-serbien\/","title":{"rendered":"Abschied: Eine Dekade mit Serbien"},"content":{"rendered":"\n<p>\u201eEs ist schon ein komisches Gef\u00fchl, sich nach 10-j\u00e4hriger Kooperation w\u00e4hrend einer Videokonferenz von den Partnern zu verabschieden\u201c, sagt Stefan Wallerath, Projektkoordinator f\u00fcr die Zusammenarbeit mit den L\u00e4ndern S\u00fcdosteuropas. Das Engagement der PTB mit dem durch die Konflikte der 90er Jahre gezeichneten Region begann schon im Jahr 2006. Serbien als gr\u00f6\u00dfte Volkswirtschaft des Westbalkans und seiner auf viel Erfahrung und Geschichte zur\u00fcckgreifenden QI-Institutionen, war von Beginn an das fachliche R\u00fcckgrat und Zugpferd der regionalen Zusammenarbeit.<\/p>\n\n\n\n<p>Seit 2011 arbeitete die PTB bilateral mit dem der Organisationseinheit Qualit\u00e4t und Produktsicherheit des serbischen Wirtschaftsministeriums und den nachgeordneten Institutionen f\u00fcr Metrologie, Normung und Akkreditierung zusammen. Als Beitrittskandidat zur Europ\u00e4ischen Union verfolgt Serbien das Ziel, die Gesamtheit des g\u00fcltigen EU-Rechts (Acquis Communautaire \u2013 Besitzstand der EU) zu \u00fcbernehmen.<\/p>\n\n\n\n<p>Eine funktionsf\u00e4hige und international anerkannte Qualit\u00e4tsinfrastruktur ist zur Erf\u00fcllung des Verhandlungskapitels 1: \u201efreier Warenverkehr\u201c unabdingbar. Die Ma\u00dfnahmen des Vorhabens zielten somit auf die fachlichen und politischen Anforderungen dieses Verhandlungskapitels ab. Beispielsweise haben wir die Erarbeitung und Umsetzung einer Nationalen QI-Strategie unterst\u00fctzt, die Designierung von Messkompetenzen an zus\u00e4tzliche Institute neben dem nationalen Metrologieinstitut begleitet, zur internationalen Anerkennung neuer Kalibrierdienstleistungen und Akkreditierungsschemata beigetragen und ein digitales Dokumentenmanagementsystem im nationalen Normungsinstitut ISS aufgebaut.<\/p>\n\n\n\n<p>So verf\u00fcgen das nationale Metrologieinstitut DMDM und das Designierte Vinca Institute of Nuclear Sciences \u00fcber zahlreiche international anerkannte Messm\u00f6glichkeiten (CMCs in der BIPM KCDB) und die nationale Akkreditierungsstelle ATS \u00fcber ein breites Portfolio an anerkannten Akkreditierungsschemata und akkreditierten Konformit\u00e4tsbewertungsstellen. Leider wurden die serbischen Partner auf politischer Ebene bis heute nicht f\u00fcr ihre Arbeit belohnt, denn die Verhandlungen zu Kapitel 1 wurden seit dem Screening im Jahre 2014 bis heute nicht von der EU-Kommission er\u00f6ffnet.<\/p>\n\n\n\n<p>Stefan Wallerath ist dennoch zuversichtlich, dass die serbischen QI Partner durch ihre umfassende Verankerung und Mitarbeit in den europ\u00e4ischen Fachnetzwerken gut f\u00fcr die Zukunft aufgestellt sind. Die sch\u00f6ne M\u00f6glichkeit eines pers\u00f6nlichen und herzlichen Abschieds von den Partnern vor Ort in Belgrad hat sich letztlich nach Ablauf des Vorhabens auch noch ergeben.<\/p>\n\n\n\n<p>ATS: Accreditation Body of Serbia<br>BIPM: International Bureau of Weights and Measures | Bureau international des poids et mesures<br>CMC: Internationally recognized Calibration and Measurement Capabilities<br>DMDM: Direkcija za mere i dragocene metale | Directorate of Measures and Precious Metals<br>ISS: Institute for Standardization<br>KCDB: Key Comparison Database<\/p>\n\n\n\n<p>Image: \u00a9 Predrag Mladenovi\u0107, predragm.com<\/p>\n","protected":false},"excerpt":{"rendered":"<p>\u201eEs ist schon ein komisches Gef\u00fchl, sich nach 10-j\u00e4hriger Kooperation w\u00e4hrend einer Videokonferenz von den Partnern zu verabschieden\u201c, sagt Stefan Wallerath, Projektkoordinator f\u00fcr die Zusammenarbeit mit den L\u00e4ndern S\u00fcdosteuropas. Das Engagement der PTB mit dem durch die Konflikte der 90er Jahre gezeichneten Region begann schon im Jahr 2006. Serbien als gr\u00f6\u00dfte Volkswirtschaft des Westbalkans und&hellip;<\/p>\n","protected":false},"author":1,"featured_media":4519,"comment_status":"closed","ping_status":"closed","sticky":false,"template":"","format":"standard","meta":{"footnotes":""},"categories":[48,45],"tags":[458,366,460],"class_list":["post-4518","post","type-post","status-publish","format-standard","has-post-thumbnail","hentry","category-europa-und-gus","category-veranstaltungen","tag-eu-beitrittskandidat","tag-metrologie","tag-serbien","category-48","category-45","description-off"],"_links":{"self":[{"href":"https:\/\/candela-ptb.de\/de\/wp-json\/wp\/v2\/posts\/4518","targetHints":{"allow":["GET"]}}],"collection":[{"href":"https:\/\/candela-ptb.de\/de\/wp-json\/wp\/v2\/posts"}],"about":[{"href":"https:\/\/candela-ptb.de\/de\/wp-json\/wp\/v2\/types\/post"}],"author":[{"embeddable":true,"href":"https:\/\/candela-ptb.de\/de\/wp-json\/wp\/v2\/users\/1"}],"replies":[{"embeddable":true,"href":"https:\/\/candela-ptb.de\/de\/wp-json\/wp\/v2\/comments?post=4518"}],"version-history":[{"count":1,"href":"https:\/\/candela-ptb.de\/de\/wp-json\/wp\/v2\/posts\/4518\/revisions"}],"predecessor-version":[{"id":4524,"href":"https:\/\/candela-ptb.de\/de\/wp-json\/wp\/v2\/posts\/4518\/revisions\/4524"}],"wp:featuredmedia":[{"embeddable":true,"href":"https:\/\/candela-ptb.de\/de\/wp-json\/wp\/v2\/media\/4519"}],"wp:attachment":[{"href":"https:\/\/candela-ptb.de\/de\/wp-json\/wp\/v2\/media?parent=4518"}],"wp:term":[{"taxonomy":"category","embeddable":true,"href":"https:\/\/candela-ptb.de\/de\/wp-json\/wp\/v2\/categories?post=4518"},{"taxonomy":"post_tag","embeddable":true,"href":"https:\/\/candela-ptb.de\/de\/wp-json\/wp\/v2\/tags?post=4518"}],"curies":[{"name":"wp","href":"https:\/\/api.w.org\/{rel}","templated":true}]}}