{"id":4556,"date":"2022-01-01T14:48:00","date_gmt":"2022-01-01T13:48:00","guid":{"rendered":"https:\/\/candela-ptb.de\/?p=4556"},"modified":"2023-08-02T11:47:12","modified_gmt":"2023-08-02T09:47:12","slug":"eine-universelle-sprache-fuer-die-welt","status":"publish","type":"post","link":"https:\/\/candela-ptb.de\/de\/eine-universelle-sprache-fuer-die-welt\/","title":{"rendered":"Eine universelle Sprache f\u00fcr die Welt"},"content":{"rendered":"\n<h2 class=\"wp-block-heading\"><strong>Vor 150 Jahren wurde das metrische System in Deutschland eingef\u00fchrt<\/strong><\/h2>\n\n\n\n<p><strong>Einig kann sich die Welt durchaus sein. Zumindest wenn es darum geht, den Dingen ihr Ma\u00df zu geben. Wie selbstverst\u00e4ndlich messen wir heute Entfernungen in Metern, Stromst\u00e4rken in Ampere oder Gewichte in Kilogramm. Die Geschichte dieser globalen Errungenschaft beginnt am Ende des 18. Jahrhunderts mit der Franz\u00f6sischen Revolution, mit der so manches ins Rollen gebracht, einiges abgeschafft und vieles Neue in die Welt gesetzt wurde \u2013 und so auch der Meter und das Kilogramm. Mit diesen beiden Einheiten trat das metrische System seinen Siegeszug um die Welt an und ersetzte nach und nach den schier babylonischen Wirrwarr aus Ellen und F\u00fc\u00dfen, Pfunden und Quentchen. Es dauerte dann noch rund ein Dreivierteljahrhundert, bis sich diese Idee eines einheitlichen Ma\u00dfsystems (\u201e\u00c0 tous les temps, \u00e0 tous les peuples.\u201c \/ \u201eAn alle Zeiten, an alle V\u00f6lker.\u201c) durchsetzen konnte. Drei Jahre bevor die ersten siebzehn Staaten die sogenannte Meterkonvention unterzeichneten und sich, international abgestimmt, zu diesem Ma\u00dfsystem verpflichteten, wurde das metrische System bereits in Deutschland eingef\u00fchrt: Am 1. Januar 1872 trat die \u201eMa\u00df- und Gewichtsordnung des Deutschen Reiches\u201c in Kraft und setzte Meter und Kilogramm an die Stelle der bis dahin gebr\u00e4uchlichen, teilweise Jahrhunderte alten Ma\u00dfe und Gewichte.<\/strong><\/p>\n\n\n\n<div class=\"wp-block-columns is-layout-flex wp-container-core-columns-is-layout-9d6595d7 wp-block-columns-is-layout-flex\">\n<div class=\"wp-block-column is-layout-flow wp-block-column-is-layout-flow\">\n<p>Ein einheitliches, weltweit akzeptables Ma\u00dfsystem einzuf\u00fchren, war weniger eine wissenschaftliche, sondern vor allem eine politische Gro\u00dftat. W\u00e4hrend sich in den zuvor gebr\u00e4uchlichen Einheitensystemen regionale Machtverh\u00e4ltnisse widerspiegelten (Stichwort: f\u00fcrstliche Ellen), bestach das metrische System durch seine allgemeine Akzeptanzf\u00e4higkeit. Die Grundeinheit des Systems, n\u00e4mlich der Meter, war nicht einem individuellen Herrscher entlehnt, sondern unserem Planeten Erde abgerungen. Zwei Astronomen meisterten w\u00e4hrend der franz\u00f6sischen Revolutionsjahre die ihnen gestellte Mammutaufgabe, den Umfang der Erde zu vermessen. Nach jahrelangem Triangulieren des Teilst\u00fccks eines durch Paris f\u00fchrenden Meridians, n\u00e4mlich der Strecke zwischen Barcelona und D\u00fcnkirchen, pr\u00e4sentierten sie ihr Ergebnis in der damals in Frankreich gebr\u00e4uchlichen L\u00e4ngeneinheit \u201ePariser Linien\u201c. Da zugleich die Breitengrade von Start- und Endpunkt der Strecke mit astronomischen Messungen gut bestimmt werden konnten, lie\u00df sich das in jahrelanger, m\u00fchevoller Arbeit erzielte Teilergebnis auf den gesamten Erdumfang hochrechnen. Und aus diesem Umfang wurde eine bis dahin v\u00f6llig neue L\u00e4ngeneinheit abgeleitet: Der Meter wurde definiert als der vierzigmillionste Teil des so gemessenen Umfangs der Erde.<\/p>\n<\/div>\n\n\n\n<div class=\"wp-block-column is-layout-flow wp-block-column-is-layout-flow\">\n<figure class=\"wp-block-image size-large\"><img loading=\"lazy\" decoding=\"async\" width=\"280\" height=\"143\" src=\"https:\/\/candela-ptb.de\/wp-content\/uploads\/2022\/01\/csm_Metrication_by_year_map_300dpi_d590846c9a.jpg\" alt=\"Weltkarte mit farblich markierten Staaten\" class=\"wp-image-4540\"\/><figcaption>Bunt und doch einheitlich: Alle farblich markierten Staaten auf dieser Weltkarte verwenden in ihrem Messwesen das metrische System. (Bild \u00a9 Wikipedia)<\/figcaption><\/figure>\n\n\n\n<figure class=\"wp-block-image size-large\"><img loading=\"lazy\" decoding=\"async\" width=\"1024\" height=\"402\" src=\"https:\/\/candela-ptb.de\/wp-content\/uploads\/2016\/11\/Urmeter_nationale_Kopie_23-1024x402.jpg\" alt=\"Urmeter aus Metall\" class=\"wp-image-4546\" srcset=\"https:\/\/candela-ptb.de\/wp-content\/uploads\/2016\/11\/Urmeter_nationale_Kopie_23-1024x402.jpg 1024w, https:\/\/candela-ptb.de\/wp-content\/uploads\/2016\/11\/Urmeter_nationale_Kopie_23-300x118.jpg 300w, https:\/\/candela-ptb.de\/wp-content\/uploads\/2016\/11\/Urmeter_nationale_Kopie_23-768x301.jpg 768w, https:\/\/candela-ptb.de\/wp-content\/uploads\/2016\/11\/Urmeter_nationale_Kopie_23-1536x602.jpg 1536w, https:\/\/candela-ptb.de\/wp-content\/uploads\/2016\/11\/Urmeter_nationale_Kopie_23.jpg 1772w\" sizes=\"auto, (max-width: 1024px) 100vw, 1024px\" \/><figcaption>Ein Meter f\u00fcr die Welt: Jeder Mitgliedsstaat der Meterkonvention wurde mit einer Kopie des Ur-Meters versorgt. Die Kopie Nr. 23 (hier im Bild) war bis 1960 als nationale Kopie der Bundesrepublik Deutschland in Gebrauch. (Foto \u00a9 PTB)<\/figcaption><\/figure>\n<\/div>\n<\/div>\n\n\n\n<p>Der Meter ist damit auch gleichzeitig der Namensgeber des metrischen Systems und des im Jahre 1875 geschlossenen Staatenvertrags, der Meterkonvention. Zu den ersten Signatarstaaten z\u00e4hlte dabei auch das Deutsche Reich \u2013 \u00fcbrigens ebenso wie das monarchisch regierte Bayern. In der Folge der Meterkonvention gr\u00fcndeten die Staaten nach und nach nationale Metrologieinstitute, denen die nationale Umsetzung des metrischen Systems oblag. Die erste Institution dieser Art war die im Jahre 1887 in Berlin gegr\u00fcndete Physikalisch-Technische Reichsanstalt (PTR), die Vorg\u00e4ngerinstitution der Physikalisch-Technischen Bundesanstalt (PTB), die heute das zweitgr\u00f6\u00dfte nationale Metrologieinstitut weltweit und eine gewichtige Stimme in der internationalen Welt des Messens ist.<\/p>\n\n\n\n<p>Der Meterkonvention geh\u00f6ren mittlerweile \u00fcber 100 Staaten als Mitglieder bzw. als assoziierte Staaten an. Und in all diesen Staaten wird eine gemeinsame metrologische Sprache gesprochen, deren Grundeinheiten nach wie vor der Meter, das Kilogramm und die Sekunde sind. Weitere Basiseinheiten, namentlich das Ampere (f\u00fcr die Stromst\u00e4rke), das Kelvin (f\u00fcr die Temperatur), die Candela (f\u00fcr die Lichtst\u00e4rke) und das Mol (f\u00fcr die Stoffmenge), haben dieses metrische System im Laufe der letzten 60 Jahre zum \u201eInternationalen Einheitensystem (SI)\u201c erweitert \u2013 ein Einheitensystem f\u00fcr die Welt.<\/p>\n\n\n\n<p>Global durchgesetzt hat sich dieses Einheitensystem vollst\u00e4ndig in der wissenschaftlichen Welt und nahezu \u00fcberall in der Wirtschaft und in den Messungen unseres Alltags. Dass die angels\u00e4chsischen Staaten, allen voran die Vereinigten Staaten von Amerika, dieses SI noch nicht in nationales Recht umgesetzt haben, sondern weiterhin in den traditionellen \u201eimperialen Einheiten\u201c von pounds, miles und Fahrenheit rechnen, geh\u00f6rt zu den Anekdoten dieser gro\u00dfen Vereinheitlichung. Aber es besteht Hoffnung, da von amerikanischen Metrologen zu h\u00f6ren ist: \u201eWe are approaching the SI system, inch by inch.\u201c<\/p>\n","protected":false},"excerpt":{"rendered":"<p>Vor 150 Jahren wurde das metrische System in Deutschland eingef\u00fchrt Einig kann sich die Welt durchaus sein. Zumindest wenn es darum geht, den Dingen ihr Ma\u00df zu geben. Wie selbstverst\u00e4ndlich messen wir heute Entfernungen in Metern, Stromst\u00e4rken in Ampere oder Gewichte in Kilogramm. Die Geschichte dieser globalen Errungenschaft beginnt am Ende des 18. Jahrhunderts mit&hellip;<\/p>\n","protected":false},"author":1,"featured_media":4551,"comment_status":"closed","ping_status":"closed","sticky":false,"template":"","format":"standard","meta":{"footnotes":""},"categories":[61,419],"tags":[],"class_list":["post-4556","post","type-post","status-publish","format-standard","has-post-thumbnail","hentry","category-jubilaeum","category-metrologie","category-61","category-419","description-off"],"_links":{"self":[{"href":"https:\/\/candela-ptb.de\/de\/wp-json\/wp\/v2\/posts\/4556","targetHints":{"allow":["GET"]}}],"collection":[{"href":"https:\/\/candela-ptb.de\/de\/wp-json\/wp\/v2\/posts"}],"about":[{"href":"https:\/\/candela-ptb.de\/de\/wp-json\/wp\/v2\/types\/post"}],"author":[{"embeddable":true,"href":"https:\/\/candela-ptb.de\/de\/wp-json\/wp\/v2\/users\/1"}],"replies":[{"embeddable":true,"href":"https:\/\/candela-ptb.de\/de\/wp-json\/wp\/v2\/comments?post=4556"}],"version-history":[{"count":1,"href":"https:\/\/candela-ptb.de\/de\/wp-json\/wp\/v2\/posts\/4556\/revisions"}],"predecessor-version":[{"id":4557,"href":"https:\/\/candela-ptb.de\/de\/wp-json\/wp\/v2\/posts\/4556\/revisions\/4557"}],"wp:featuredmedia":[{"embeddable":true,"href":"https:\/\/candela-ptb.de\/de\/wp-json\/wp\/v2\/media\/4551"}],"wp:attachment":[{"href":"https:\/\/candela-ptb.de\/de\/wp-json\/wp\/v2\/media?parent=4556"}],"wp:term":[{"taxonomy":"category","embeddable":true,"href":"https:\/\/candela-ptb.de\/de\/wp-json\/wp\/v2\/categories?post=4556"},{"taxonomy":"post_tag","embeddable":true,"href":"https:\/\/candela-ptb.de\/de\/wp-json\/wp\/v2\/tags?post=4556"}],"curies":[{"name":"wp","href":"https:\/\/api.w.org\/{rel}","templated":true}]}}