{"id":5698,"date":"2023-08-24T14:10:33","date_gmt":"2023-08-24T12:10:33","guid":{"rendered":"https:\/\/candela-ptb.de\/?p=5698"},"modified":"2023-08-24T15:51:25","modified_gmt":"2023-08-24T13:51:25","slug":"zwei-mal-danke","status":"publish","type":"post","link":"https:\/\/candela-ptb.de\/de\/zwei-mal-danke\/","title":{"rendered":"Zwei Mal Danke"},"content":{"rendered":"\n<h3 class=\"wp-block-heading\">PTB beim Tag der offenen T\u00fcr im BMZ Berlin 2023<\/h3>\n\n\n\n<p>Am 19. Und 20. August \u00f6ffnete das BMZ in Berlin seine T\u00fcren f\u00fcr interessierte Besucherinnen und Besucher. Bei sommerlichem Wetter zog die Veranstaltung mehrere tausend Menschen an, die sich in den R\u00e4umen sowie an den St\u00e4nden im Garten des BMZ \u00fcber die Arbeit des Ministeriums und zahlreicher Partnerorganisationen informierten, so auch \u00fcber die Arbeit der PTB.<\/p>\n\n\n\n<p>In diesem Jahr lag unser Schwerpunkt auf dem 60. Jubil\u00e4um der Technischen Zusammenarbeit im Auftrag der Bundesregierung. Zu diesem Jubil\u00e4um informierte ein ausgedruckter Zeitstrahl die G\u00e4ste \u00fcber wichtige Stationen und H\u00f6hepunkte unserer Geschichte.<\/p>\n\n\n\n<p>Seit 1963 arbeiten wir mit Entwicklungs- und Schwellenl\u00e4ndern zusammen, um eine nachhaltige wirtschaftliche, soziale und \u00f6kologische Entwicklung zu f\u00f6rdern. Wir tragen zum Auf- und Ausbau einer hochwertigen Qualit\u00e4tsinfrastruktur in unseren Partnerl\u00e4ndern und zu einer Harmonisierung des internationalen Messwesens bei. Damit sind wir eine der vier staatlichen Durchf\u00fchrungsorganisationen der Entwicklungszusammenarbeit.<\/p>\n\n\n\n<div style=\"height:30px\" aria-hidden=\"true\" class=\"wp-block-spacer\"><\/div>\n\n\n\n<figure class=\"wp-block-image size-full\"><img loading=\"lazy\" decoding=\"async\" width=\"720\" height=\"897\" src=\"https:\/\/candela-ptb.de\/wp-content\/uploads\/2023\/08\/Team_Sonntag.jpg\" alt=\"Gruppenbild: Vier Frauen und ein Mann\" class=\"wp-image-5680\" srcset=\"https:\/\/candela-ptb.de\/wp-content\/uploads\/2023\/08\/Team_Sonntag.jpg 720w, https:\/\/candela-ptb.de\/wp-content\/uploads\/2023\/08\/Team_Sonntag-241x300.jpg 241w\" sizes=\"auto, (max-width: 720px) 100vw, 720px\" \/><\/figure>\n\n\n\n<div style=\"height:30px\" aria-hidden=\"true\" class=\"wp-block-spacer\"><\/div>\n\n\n\n<p>Viele der Besucherinnen und Besucher fragten zun\u00e4chst \u00fcberrascht, was wir als nationales Metrologieinstitut mit Entwicklungszusammenarbeit zu tun haben. Doch auch wenn es uns unm\u00f6glich war, alle Details unserer facettenreichen Geschichte zu pr\u00e4sentieren, konnten wir Anhand der ausgesuchten H\u00f6hepunkte, die auf dem Zeitstrahl zu sehen waren, verdeutlichen, wie wichtig das Messwesen f\u00fcr die wissenschaftliche und wirtschaftliche Entwicklung unserer Partnerl\u00e4nder ist.<\/p>\n\n\n\n<div style=\"height:50px\" aria-hidden=\"true\" class=\"wp-block-spacer\"><\/div>\n\n\n\n<h4 class=\"wp-block-heading\">Hoher Besuch am Stand<\/h4>\n\n\n\n<p>Besonders gefreut hat uns der Besuch von Ministerin Svenja Schulze am Samstagmittag und die Wertsch\u00e4tzung, die sie der Arbeit der PTB entgegenbrachte.<\/p>\n\n\n\n<p>Gefreut haben wir uns auch \u00fcber die positiven R\u00fcckmeldungen unserer G\u00e4ste sowie \u00fcber den Besuch des BMZ-Abteilungsleiters Dirk Meyer.<\/p>\n\n\n\n<p>Der Vizepr\u00e4sident der PTB, Prof. Dr. Frank H\u00e4rtig nutzte den Tag, um sich herzlich bei BMZ-Unterabteilungsleiter Martin Wimmer f\u00fcr die nunmehr sechs Dekaden andauernde Finanzierung der Projektarbeit zu bedanken und sich zum Thema Digitalisierung auszutauschen. Herr Wimmer entgegnete, dass er schon seit Jahren ein ganz besonderer Fan der PTB sei und unsere Arbeit sehr zu sch\u00e4tzen wisse.<\/p>\n\n\n\n<div style=\"height:50px\" aria-hidden=\"true\" class=\"wp-block-spacer\"><\/div>\n\n\n\n<div class=\"wp-block-columns is-layout-flex wp-container-core-columns-is-layout-9d6595d7 wp-block-columns-is-layout-flex\">\n<div class=\"wp-block-column is-layout-flow wp-block-column-is-layout-flow\" style=\"flex-basis:50%\">\n<figure class=\"wp-block-image size-large\"><img loading=\"lazy\" decoding=\"async\" width=\"616\" height=\"1024\" src=\"https:\/\/candela-ptb.de\/wp-content\/uploads\/2023\/08\/Lilo-616x1024.jpg\" alt=\"Zwei Frauen im Gespr\u00e4ch an einem Tisch\" class=\"wp-image-5685\" srcset=\"https:\/\/candela-ptb.de\/wp-content\/uploads\/2023\/08\/Lilo-616x1024.jpg 616w, https:\/\/candela-ptb.de\/wp-content\/uploads\/2023\/08\/Lilo-181x300.jpg 181w, https:\/\/candela-ptb.de\/wp-content\/uploads\/2023\/08\/Lilo.jpg 718w\" sizes=\"auto, (max-width: 616px) 100vw, 616px\" \/><\/figure>\n<\/div>\n\n\n\n<div class=\"wp-block-column is-layout-flow wp-block-column-is-layout-flow\" style=\"flex-basis:50%\">\n<h4 class=\"wp-block-heading\">Die PTB bleibt im Ged\u00e4chtnis<\/h4>\n\n\n\n<p>Zu guter Letzt gab es noch eine ber\u00fchrende Begegnung mit einer Besucherin, die unseren Stand beim Tag der offenen T\u00fcr seit Jahren treu besucht. Eine ihrer lebhaftesten und sch\u00f6nsten Erinnerungen stamme aus dem Jahre 2012. Damals hatten wir eine Hochpr\u00e4zisionswaage dabei, mit der wir die Unterschriften auf Postkarten wogen.<\/p>\n\n\n\n<p>Diese und andere spannende Ideen werden uns nicht ausgehen und so z\u00e4hlen wir schon jetzt die Tage bis zur n\u00e4chsten Einladung zum Staatsbesuch in Berlin.<\/p>\n<\/div>\n<\/div>\n\n\n\n<div style=\"height:20px\" aria-hidden=\"true\" class=\"wp-block-spacer\"><\/div>\n\n\n\n<p>An dieser Stelle sei erw\u00e4hnt, dass es beachtlich ist, mit welcher Umsicht und Hingabe das Personal im BMZ sich um die G\u00e4ste und auch die Aussteller k\u00fcmmert. Wir sagen ein herzliches Dankesch\u00f6n f\u00fcr die perfekte Organisation und die berlinische unkomplizierte Freundlichkeit, mit der wir unterst\u00fctzt und empfangen wurden.<\/p>\n\n\n\n<p>Das BMZ machte so ganz nebenbei auch noch darauf aufmerksam, wie nachhaltige Veranstaltungen durchgef\u00fchrt werden k\u00f6nnen. Trinkwasserstellen und die Verwendung von Mehrweggeschirr f\u00fcr das vegane Fast Food geh\u00f6rten auch dazu.<\/p>\n\n\n\n<div style=\"height:30px\" aria-hidden=\"true\" class=\"wp-block-spacer\"><\/div>\n\n\n\n<figure class=\"wp-block-gallery has-nested-images columns-default is-cropped wp-block-gallery-1 is-layout-flex wp-block-gallery-is-layout-flex\">\n<figure class=\"wp-block-image size-large\"><img loading=\"lazy\" decoding=\"async\" width=\"612\" height=\"1024\" data-id=\"5695\" src=\"https:\/\/candela-ptb.de\/wp-content\/uploads\/2023\/08\/BMZ_Mehrweg_Schuessel-612x1024.jpg\" alt=\"Eine Mehrwegsch\u00fcssel aus Kunststoff gef\u00fcllt mit asiatischem Essen\" class=\"wp-image-5695\" srcset=\"https:\/\/candela-ptb.de\/wp-content\/uploads\/2023\/08\/BMZ_Mehrweg_Schuessel-612x1024.jpg 612w, https:\/\/candela-ptb.de\/wp-content\/uploads\/2023\/08\/BMZ_Mehrweg_Schuessel-179x300.jpg 179w, https:\/\/candela-ptb.de\/wp-content\/uploads\/2023\/08\/BMZ_Mehrweg_Schuessel.jpg 713w\" sizes=\"auto, (max-width: 612px) 100vw, 612px\" \/><\/figure>\n\n\n\n<figure class=\"wp-block-image size-large\"><img loading=\"lazy\" decoding=\"async\" width=\"636\" height=\"1024\" data-id=\"5690\" src=\"https:\/\/candela-ptb.de\/wp-content\/uploads\/2023\/08\/BMZ_Trinkwasserstation-636x1024.jpg\" alt=\"Eine Trinkwasserstation f\u00fcr den Au\u00dfenbereich mit sechs Wasserh\u00e4hnen\" class=\"wp-image-5690\" srcset=\"https:\/\/candela-ptb.de\/wp-content\/uploads\/2023\/08\/BMZ_Trinkwasserstation-636x1024.jpg 636w, https:\/\/candela-ptb.de\/wp-content\/uploads\/2023\/08\/BMZ_Trinkwasserstation-186x300.jpg 186w, https:\/\/candela-ptb.de\/wp-content\/uploads\/2023\/08\/BMZ_Trinkwasserstation.jpg 735w\" sizes=\"auto, (max-width: 636px) 100vw, 636px\" \/><\/figure>\n<\/figure>\n\n\n\n<div style=\"height:30px\" aria-hidden=\"true\" class=\"wp-block-spacer\"><\/div>\n\n\n\n<p>Copyright alle Fotos \u00a9 PTB<\/p>\n","protected":false},"excerpt":{"rendered":"<p>PTB beim Tag der offenen T\u00fcr im BMZ Berlin 2023 Am 19. Und 20. August \u00f6ffnete das BMZ in Berlin seine T\u00fcren f\u00fcr interessierte Besucherinnen und Besucher. Bei sommerlichem Wetter zog die Veranstaltung mehrere tausend Menschen an, die sich in den R\u00e4umen sowie an den St\u00e4nden im Garten des BMZ \u00fcber die Arbeit des Ministeriums&hellip;<\/p>\n","protected":false},"author":1,"featured_media":5707,"comment_status":"closed","ping_status":"closed","sticky":false,"template":"","format":"standard","meta":{"footnotes":""},"categories":[225,45],"tags":[],"class_list":["post-5698","post","type-post","status-publish","format-standard","has-post-thumbnail","hentry","category-friends","category-veranstaltungen","category-225","category-45","description-off"],"_links":{"self":[{"href":"https:\/\/candela-ptb.de\/de\/wp-json\/wp\/v2\/posts\/5698","targetHints":{"allow":["GET"]}}],"collection":[{"href":"https:\/\/candela-ptb.de\/de\/wp-json\/wp\/v2\/posts"}],"about":[{"href":"https:\/\/candela-ptb.de\/de\/wp-json\/wp\/v2\/types\/post"}],"author":[{"embeddable":true,"href":"https:\/\/candela-ptb.de\/de\/wp-json\/wp\/v2\/users\/1"}],"replies":[{"embeddable":true,"href":"https:\/\/candela-ptb.de\/de\/wp-json\/wp\/v2\/comments?post=5698"}],"version-history":[{"count":7,"href":"https:\/\/candela-ptb.de\/de\/wp-json\/wp\/v2\/posts\/5698\/revisions"}],"predecessor-version":[{"id":5705,"href":"https:\/\/candela-ptb.de\/de\/wp-json\/wp\/v2\/posts\/5698\/revisions\/5705"}],"wp:featuredmedia":[{"embeddable":true,"href":"https:\/\/candela-ptb.de\/de\/wp-json\/wp\/v2\/media\/5707"}],"wp:attachment":[{"href":"https:\/\/candela-ptb.de\/de\/wp-json\/wp\/v2\/media?parent=5698"}],"wp:term":[{"taxonomy":"category","embeddable":true,"href":"https:\/\/candela-ptb.de\/de\/wp-json\/wp\/v2\/categories?post=5698"},{"taxonomy":"post_tag","embeddable":true,"href":"https:\/\/candela-ptb.de\/de\/wp-json\/wp\/v2\/tags?post=5698"}],"curies":[{"name":"wp","href":"https:\/\/api.w.org\/{rel}","templated":true}]}}